{"id":536,"date":"2024-01-09T22:23:28","date_gmt":"2024-01-09T21:23:28","guid":{"rendered":"https:\/\/cierzosalvaje.com\/?p=536"},"modified":"2024-02-03T12:39:13","modified_gmt":"2024-02-03T11:39:13","slug":"el-sueno-de-los-cactus-y-suculentas","status":"publish","type":"post","link":"https:\/\/cierzosalvaje.com\/index.php\/2024\/01\/09\/el-sueno-de-los-cactus-y-suculentas\/","title":{"rendered":"EL SUE\u00d1O DE LOS CACTUS Y SUCULENTAS"},"content":{"rendered":"\n<p>En el universo de los cactus y suculentas, hay un ritmo secreto que gu\u00eda sus ciclos de vida: el fotoperiodo. Este fen\u00f3meno, influenciado por la luz, la temperatura y el agua dirige el periodo de reposo, una etapa vital para el bienestar y desarrollo saludable de estas plantas.<\/p>\n\n\n\n<figure class=\"wp-block-image size-full is-resized\"><img data-opt-id=1695022896  fetchpriority=\"high\" decoding=\"async\" width=\"612\" height=\"408\" src=\"https:\/\/mlabaoejcjci.i.optimole.com\/w:auto\/h:auto\/q:mauto\/f:best\/https:\/\/cierzosalvaje.com\/wp-content\/uploads\/2024\/01\/IMG_1054.jpeg\" alt=\"\" class=\"wp-image-537\" style=\"width:361px;height:auto\" srcset=\"https:\/\/mlabaoejcjci.i.optimole.com\/w:612\/h:408\/q:mauto\/f:best\/https:\/\/cierzosalvaje.com\/wp-content\/uploads\/2024\/01\/IMG_1054.jpeg 612w, https:\/\/mlabaoejcjci.i.optimole.com\/w:300\/h:200\/q:mauto\/f:best\/https:\/\/cierzosalvaje.com\/wp-content\/uploads\/2024\/01\/IMG_1054.jpeg 300w\" sizes=\"(max-width: 612px) 100vw, 612px\" \/><\/figure>\n\n\n\n<p><strong>Fotoperiodo Largo y Corto: \ud83d\udd70\ufe0f<\/strong> <\/p>\n\n\n\n<p><em>Los Maestros del Reposo Invernal: Fotoperiodo Largo<\/em> \ud83c\udf28\ufe0f En el abrazo del invierno, los cactus y suculentas de fotoperiodo largo se sumen en un dulce letargo. Este es su tiempo de descanso, un periodo en el que la luz disminuye, y las temperaturas frescas los acunan y la disponibilidad de agua disminuye. Durante este reposo, estas plantas guardan energ\u00eda, prepar\u00e1ndose para desplegar su esplendor cuando la primavera asome.<\/p>\n\n\n\n<p><em>El Encanto del Reposo Estival: Fotoperiodo Corto<\/em> \u2600\ufe0f En el ajetreo del verano, otras suculentas y cactus optan por dormitar. Con el estr\u00e9s de esta temporada, encuentran su momento de serenidad bajo el c\u00e1lido sol. Mientras el verano les acaricia, estas plantas descansan y acumulan fuerzas, listas para su florecimiento en las estaciones m\u00e1s suaves.<\/p>\n\n\n\n<figure class=\"wp-block-image size-full\"><img data-opt-id=688013181  fetchpriority=\"high\" decoding=\"async\" width=\"612\" height=\"551\" src=\"https:\/\/mlabaoejcjci.i.optimole.com\/w:auto\/h:auto\/q:mauto\/f:best\/https:\/\/cierzosalvaje.com\/wp-content\/uploads\/2024\/01\/IMG_1294.jpeg\" alt=\"\" class=\"wp-image-542\" srcset=\"https:\/\/mlabaoejcjci.i.optimole.com\/w:612\/h:551\/q:mauto\/f:best\/https:\/\/cierzosalvaje.com\/wp-content\/uploads\/2024\/01\/IMG_1294.jpeg 612w, https:\/\/mlabaoejcjci.i.optimole.com\/w:300\/h:270\/q:mauto\/f:best\/https:\/\/cierzosalvaje.com\/wp-content\/uploads\/2024\/01\/IMG_1294.jpeg 300w\" sizes=\"(max-width: 612px) 100vw, 612px\" \/><\/figure>\n\n\n\n<p><strong>Los Secretos del Sue\u00f1o: \ud83c\udf19\ud83d\udca4<\/strong> Durante su periodo de reposo, estas plantas son maestras del minimalismo h\u00eddrico. No anhelan el riego y, de hecho, lo desaconsejan. El agua puede convertirse en su enemiga durante este letargo, predisponi\u00e9ndolas a problemas de pudrici\u00f3n. As\u00ed que, recordemos: \u00a1hidratar en su justo momento es la clave! <a href=\"https:\/\/cierzosalvaje.com\/index.php\/2023\/12\/10\/el-interruptor-de-nuestras-plantas\/\" title=\"Lee sobre el interruptor de nuestras plantas aqu\u00ed \ud83d\udc48\ud83c\udffc \">Lee sobre el interruptor de nuestras plantas aqu\u00ed \ud83d\udc48\ud83c\udffc <\/a><\/p>\n\n\n\n<p><strong>Guardianes del Sue\u00f1o: \ud83d\udce6\ud83c\udf35<\/strong> Para resguardar a estas joyas del reino vegetal, podemos considerar un toque adicional de protecci\u00f3n. En sus \u00e9pocas de descanso, una estancia en un trastero, alejados de extremos clim\u00e1ticos, puede ser como un suave arrullo para estas plantas. Una caja, como un abrazo protector, puede ser su santuario temporal del fr\u00edo invernal o el calor estival excesivo.<\/p>\n\n\n\n<figure class=\"wp-block-image size-full\"><img data-opt-id=1664543237  fetchpriority=\"high\" decoding=\"async\" width=\"612\" height=\"408\" src=\"https:\/\/mlabaoejcjci.i.optimole.com\/w:auto\/h:auto\/q:mauto\/f:best\/https:\/\/cierzosalvaje.com\/wp-content\/uploads\/2024\/01\/IMG_1292.jpeg\" alt=\"\" class=\"wp-image-541\" srcset=\"https:\/\/mlabaoejcjci.i.optimole.com\/w:612\/h:408\/q:mauto\/f:best\/https:\/\/cierzosalvaje.com\/wp-content\/uploads\/2024\/01\/IMG_1292.jpeg 612w, https:\/\/mlabaoejcjci.i.optimole.com\/w:300\/h:200\/q:mauto\/f:best\/https:\/\/cierzosalvaje.com\/wp-content\/uploads\/2024\/01\/IMG_1292.jpeg 300w\" sizes=\"(max-width: 612px) 100vw, 612px\" \/><\/figure>\n\n\n\n<p><strong>Pero, \u00bfc\u00f3mo se que plantas reposan y cuando?\ud83d\udcdc\u2728<\/strong> La danza del fotoperiodo revela un delicado equilibrio en la vida de cactus y suculentas. Respetar sus momentos de reposo es clave para preservar su salud y belleza. Aqu\u00ed exploraremos algunas de estas maravillas divididas en dos listados: las suculentas amantes del invierno y las devotas del verano. \u00a1Prep\u00e1rate para conocer a estas estrellas en su propio escenario natural! \ud83c\udf1f\ud83c\udf31<\/p>\n\n\n\n<p>Todos los cactus a excepci\u00f3n de las Sulcorebutias y Weinguartias son plantas de fotoperiodo largo, es decir, reposan en invierno<\/p>\n\n\n\n<figure class=\"wp-block-image size-full\"><img data-opt-id=1473251127  data-opt-src=\"https:\/\/mlabaoejcjci.i.optimole.com\/w:auto\/h:auto\/q:mauto\/f:best\/https:\/\/cierzosalvaje.com\/wp-content\/uploads\/2024\/01\/IMG_1289.jpeg\"  decoding=\"async\" width=\"612\" height=\"400\" src=\"data:image/svg+xml,%3Csvg%20viewBox%3D%220%200%20100%%20100%%22%20width%3D%22100%%22%20height%3D%22100%%22%20xmlns%3D%22http%3A%2F%2Fwww.w3.org%2F2000%2Fsvg%22%3E%3Crect%20width%3D%22100%%22%20height%3D%22100%%22%20fill%3D%22transparent%22%2F%3E%3C%2Fsvg%3E\" alt=\"\" class=\"wp-image-538\" old-srcset=\"https:\/\/mlabaoejcjci.i.optimole.com\/w:612\/h:400\/q:mauto\/f:best\/https:\/\/cierzosalvaje.com\/wp-content\/uploads\/2024\/01\/IMG_1289.jpeg 612w, https:\/\/mlabaoejcjci.i.optimole.com\/w:300\/h:196\/q:mauto\/f:best\/https:\/\/cierzosalvaje.com\/wp-content\/uploads\/2024\/01\/IMG_1289.jpeg 300w\" \/><\/figure>\n\n\n\n<p>Suculentas de Fotoperiodo Corto: Estos g\u00e9neros activan el crecimiento con la llegada del Oto\u00f1o:<\/p>\n\n\n\n<figure class=\"wp-block-table\"><table><tbody><tr><td>Adromischus<\/td><td>Haemanthus<\/td><\/tr><tr><td>Aeonium<\/td><td>Haworthias<\/td><\/tr><tr><td>Aloe*<\/td><td>Kalanchoe *<\/td><\/tr><tr><td>Anacampseros<\/td><td>Lithops**<\/td><\/tr><tr><td>Astroloba<\/td><td>Mangave<\/td><\/tr><tr><td>Avonia<\/td><td>Neohenricia<\/td><\/tr><tr><td>Bowiea<\/td><td>Othonna<\/td><\/tr><tr><td>Bulbine<\/td><td>Pachycormus<\/td><\/tr><tr><td>Ceraria<\/td><td>Pachyphytum<\/td><\/tr><tr><td>Conophytum<\/td><td>Pachyveria<\/td><\/tr><tr><td>Cotyledon<\/td><td>Pelargonium<\/td><\/tr><tr><td>Crassula<\/td><td>Peperomia<\/td><\/tr><tr><td>Dioscorea<\/td><td>Portulacaria<\/td><\/tr><tr><td>Dudleya<\/td><td>Sansevieria*<\/td><\/tr><tr><td>Euphorbia*<\/td><td>Sarcocaulon<\/td><\/tr><tr><td>Fenestraria y Faucaria<\/td><td>Sedeveria<\/td><\/tr><tr><td>Fouqueria<\/td><td>Sedum*<\/td><\/tr><tr><td>Gasteria<\/td><td>Senecio<\/td><\/tr><tr><td>Gasteraloe<\/td><td>Stomatium<\/td><\/tr><tr><td>Gibbaeum<\/td><td>Sulcorebutia<\/td><\/tr><tr><td>Graptopetalum<\/td><td>Talinum<\/td><\/tr><tr><td>Graptosedum<\/td><td>Titanopsis<\/td><\/tr><tr><td>Graptoveria<\/td><td>Tylecodon<\/td><\/tr><\/tbody><\/table><figcaption class=\"wp-element-caption\">(*) seg\u00fan especies (**) descansan en verano e invierno<\/figcaption><\/figure>\n\n\n\n<figure class=\"wp-block-image size-full\"><img data-opt-id=1930647040  data-opt-src=\"https:\/\/mlabaoejcjci.i.optimole.com\/w:auto\/h:auto\/q:mauto\/f:best\/https:\/\/cierzosalvaje.com\/wp-content\/uploads\/2024\/01\/IMG_1291.jpeg\"  decoding=\"async\" width=\"612\" height=\"460\" src=\"data:image/svg+xml,%3Csvg%20viewBox%3D%220%200%20100%%20100%%22%20width%3D%22100%%22%20height%3D%22100%%22%20xmlns%3D%22http%3A%2F%2Fwww.w3.org%2F2000%2Fsvg%22%3E%3Crect%20width%3D%22100%%22%20height%3D%22100%%22%20fill%3D%22transparent%22%2F%3E%3C%2Fsvg%3E\" alt=\"\" class=\"wp-image-539\" old-srcset=\"https:\/\/mlabaoejcjci.i.optimole.com\/w:612\/h:460\/q:mauto\/f:best\/https:\/\/cierzosalvaje.com\/wp-content\/uploads\/2024\/01\/IMG_1291.jpeg 612w, https:\/\/mlabaoejcjci.i.optimole.com\/w:300\/h:225\/q:mauto\/f:best\/https:\/\/cierzosalvaje.com\/wp-content\/uploads\/2024\/01\/IMG_1291.jpeg 300w\" \/><\/figure>\n\n\n\n<p>Suculentas de Fotoperiodo Largo: Estos g\u00e9neros activan el crecimiento con la llegada del Verano:<\/p>\n\n\n\n<figure class=\"wp-block-table\"><table><tbody><tr><td>Adenia<\/td><td>Monadenium<\/td><\/tr><tr><td>Adenium<\/td><td>Moringa<\/td><\/tr><tr><td>Agave<\/td><td>Orostachys<\/td><\/tr><tr><td>Aloe*<\/td><td>Othonna<\/td><\/tr><tr><td>Alluaudia<\/td><td>Operculicarya<\/td><\/tr><tr><td>Aloinopsis<\/td><td>Pachypodium<\/td><\/tr><tr><td>Brachystelma<\/td><td>Pedilanthus<\/td><\/tr><tr><td>Bursera<\/td><td>Pleisospilos<\/td><\/tr><tr><td>Calibanus<\/td><td>Plumeria<\/td><\/tr><tr><td>Ceropegia<\/td><td>Pseudolithos<\/td><\/tr><tr><td>Cissus<\/td><td>Pterodiscus<\/td><\/tr><tr><td>Cyphostemma<\/td><td>Raphionacme<\/td><\/tr><tr><td>Didieria<\/td><td>Rhipsalis<\/td><\/tr><tr><td>Dorstenia<\/td><td>Sansevieria*<\/td><\/tr><tr><td>Echeveria<\/td><td>Sedum*<\/td><\/tr><tr><td>Encephalartos<\/td><td>Sempervivum<\/td><\/tr><tr><td>Euphorbia*<\/td><td>Siningia<\/td><\/tr><tr><td>Ficus<\/td><td>Stapelia<\/td><\/tr><tr><td>Fockea<\/td><td>Stapelianthus<\/td><\/tr><tr><td>Huernia<\/td><td>Synadenium<\/td><\/tr><tr><td>Ibervillea<\/td><td>Tillandsia<\/td><\/tr><tr><td>Ipomoea<\/td><td>Trichocaulon<\/td><\/tr><tr><td>Kalanchoe*<\/td><td>Trichodiadema<\/td><\/tr><tr><td>Lithops **<\/td><td>Xerosicyos<\/td><\/tr><\/tbody><\/table><figcaption class=\"wp-element-caption\">(*) seg\u00fan especies (**) descansan en verano e invierno<\/figcaption><\/figure>\n\n\n\n<figure class=\"wp-block-image size-full is-resized\"><img data-opt-id=993293173  data-opt-src=\"https:\/\/mlabaoejcjci.i.optimole.com\/w:auto\/h:auto\/q:mauto\/f:best\/https:\/\/cierzosalvaje.com\/wp-content\/uploads\/2024\/01\/IMG_1290.jpeg\"  decoding=\"async\" width=\"612\" height=\"408\" src=\"data:image/svg+xml,%3Csvg%20viewBox%3D%220%200%20100%%20100%%22%20width%3D%22100%%22%20height%3D%22100%%22%20xmlns%3D%22http%3A%2F%2Fwww.w3.org%2F2000%2Fsvg%22%3E%3Crect%20width%3D%22100%%22%20height%3D%22100%%22%20fill%3D%22transparent%22%2F%3E%3C%2Fsvg%3E\" alt=\"\" class=\"wp-image-540\" style=\"width:359px;height:auto\" old-srcset=\"https:\/\/mlabaoejcjci.i.optimole.com\/w:612\/h:408\/q:mauto\/f:best\/https:\/\/cierzosalvaje.com\/wp-content\/uploads\/2024\/01\/IMG_1290.jpeg 612w, https:\/\/mlabaoejcjci.i.optimole.com\/w:300\/h:200\/q:mauto\/f:best\/https:\/\/cierzosalvaje.com\/wp-content\/uploads\/2024\/01\/IMG_1290.jpeg 300w\" \/><\/figure>\n\n\n\n<p>En conclusi\u00f3n, el arte de cultivar suculentas y cactus radica en la atenci\u00f3n a sus ritmos naturales. Identificar nuestras colecciones nos permite proporcionar cuidados espec\u00edficos, garantizando que estas plantas singulares florezcan en todo su esplendor. <a href=\"https:\/\/cierzosalvaje.com\/index.php\/2023\/12\/13\/suculentas-felices-identificalas\/\" title=\"Lee sobre esto aqu\u00ed. \ud83d\udc48\ud83c\udffc\">Lee sobre esto aqu\u00ed. \ud83d\udc48\ud83c\udffc<\/a> Un recordatorio fundamental es abstenerse de regar durante su merecido reposo, pues en este periodo, el riego puede convertirse en un riesgo letal. Al conocer y respetar estas necesidades individuales, creamos un entorno propicio para que estas joyas vegetales prosperen con vitalidad y encanto. \ud83c\udf35\ud83d\udc9a<\/p>\n","protected":false},"excerpt":{"rendered":"<p>En el universo de los cactus y suculentas, hay un ritmo secreto que gu\u00eda sus ciclos de vida: el fotoperiodo. Este fen\u00f3meno, influenciado por la luz, la temperatura y el agua dirige el periodo de reposo, una etapa vital para el bienestar y desarrollo saludable de estas plantas. Fotoperiodo Largo y Corto: \ud83d\udd70\ufe0f Los Maestros [&hellip;]<\/p>\n","protected":false},"author":3,"featured_media":542,"comment_status":"open","ping_status":"open","sticky":false,"template":"","format":"standard","meta":{"om_disable_all_campaigns":false,"_monsterinsights_skip_tracking":false,"_monsterinsights_sitenote_active":false,"_monsterinsights_sitenote_note":"","_monsterinsights_sitenote_category":0,"_uf_show_specific_survey":0,"_uf_disable_surveys":false,"footnotes":""},"categories":[1],"tags":[81,111,36,125,82,124],"class_list":{"0":"post-536","1":"post","2":"type-post","3":"status-publish","4":"format-standard","5":"has-post-thumbnail","7":"category-blog","8":"tag-cactus","9":"tag-invierno","10":"tag-plantas","11":"tag-reposo","12":"tag-suculentas","13":"tag-verano","14":"czr-hentry"},"aioseo_notices":[],"_links":{"self":[{"href":"https:\/\/cierzosalvaje.com\/index.php\/wp-json\/wp\/v2\/posts\/536","targetHints":{"allow":["GET"]}}],"collection":[{"href":"https:\/\/cierzosalvaje.com\/index.php\/wp-json\/wp\/v2\/posts"}],"about":[{"href":"https:\/\/cierzosalvaje.com\/index.php\/wp-json\/wp\/v2\/types\/post"}],"author":[{"embeddable":true,"href":"https:\/\/cierzosalvaje.com\/index.php\/wp-json\/wp\/v2\/users\/3"}],"replies":[{"embeddable":true,"href":"https:\/\/cierzosalvaje.com\/index.php\/wp-json\/wp\/v2\/comments?post=536"}],"version-history":[{"count":3,"href":"https:\/\/cierzosalvaje.com\/index.php\/wp-json\/wp\/v2\/posts\/536\/revisions"}],"predecessor-version":[{"id":646,"href":"https:\/\/cierzosalvaje.com\/index.php\/wp-json\/wp\/v2\/posts\/536\/revisions\/646"}],"wp:featuredmedia":[{"embeddable":true,"href":"https:\/\/cierzosalvaje.com\/index.php\/wp-json\/wp\/v2\/media\/542"}],"wp:attachment":[{"href":"https:\/\/cierzosalvaje.com\/index.php\/wp-json\/wp\/v2\/media?parent=536"}],"wp:term":[{"taxonomy":"category","embeddable":true,"href":"https:\/\/cierzosalvaje.com\/index.php\/wp-json\/wp\/v2\/categories?post=536"},{"taxonomy":"post_tag","embeddable":true,"href":"https:\/\/cierzosalvaje.com\/index.php\/wp-json\/wp\/v2\/tags?post=536"}],"curies":[{"name":"wp","href":"https:\/\/api.w.org\/{rel}","templated":true}]}}